{"id":84,"date":"2015-10-14T23:01:01","date_gmt":"2015-10-14T21:01:01","guid":{"rendered":"http:\/\/zak-tuebingen.org\/?p=84"},"modified":"2015-10-14T23:01:01","modified_gmt":"2015-10-14T21:01:01","slug":"linke-mit-broschuere-zum-nulltarif-im-oepnv","status":"publish","type":"post","link":"http:\/\/zak-tuebingen.org\/?p=84","title":{"rendered":"LINKE mit Brosch\u00fcre zum Nulltarif im \u00d6PNV"},"content":{"rendered":"<p class=\"ecxMsoNormal\"><b>\u201ePLAN B konkret &#8211; Nulltarif im \u00f6ffentlichen Nahverkehr: Eine Offensive f\u00fcr sozial\u00f6kologische Mobilit\u00e4t und Lebensqualit\u00e4t\u201c<\/b><\/p>\n<p class=\"ecxMsoNormal\">\n<p class=\"ecxMsoNormal\">Es k\u00f6nnte so sch\u00f6n sein: Alle sind mobil, weil es ein dichtes, attraktives, barrierefreies und f\u00fcr alle bezahlbares Netz des \u00f6ffentlichen Nahverkehrs gibt. In die St\u00e4dte kehren Ruhe und frische Luft zur\u00fcck, weil kaum noch Menschen mit ihrem privaten Pkw unterwegs sind. Utopisch? In vielen St\u00e4dten wurden einzelne Schritte bereits erfolgreich umgesetzt; in der Koalitionsvereinbarung der rot-rot-gr\u00fcnen Landesregierung ist ein Modellversuch \u201eFahrscheinloser \u00d6PNV\u201c verabredet. Vorschl\u00e4ge auf dem Weg hin zu dieser Utopie werden hier vorgestellt.<\/p>\n<p class=\"ecxMsoNormal\">Die Brosch\u00fcre steht zum Download bereit: <a href=\"http:\/\/www.linksfraktion.de\/broschueren\/?s=2#anker\" target=\"_blank\">http:\/\/www.linksfraktion.de\/broschueren\/?s=2#anker<\/a> , gedruckte Exemplare k\u00f6nnen kostenfrei \u00fcber &#8217;sabine.leidig.ma07[at]bundestag.de&#8216;\u00a0 bestellt werden. Weitere Materialien zum Thema sowie Initiativen sind hier gesammelt und werden regelm\u00e4\u00dfig aktualisiert:\u00a0 <a href=\"http:\/\/www.solimob.de\/index.php\/nulltarifsozialticket\" target=\"_blank\">http:\/\/www.solimob.de\/index.php\/nulltarifsozialticket<\/a><\/p>\n<p class=\"ecxMsoNormal\">\n","protected":false},"excerpt":{"rendered":"<p>\u201ePLAN B konkret &#8211; Nulltarif im \u00f6ffentlichen Nahverkehr: Eine Offensive f\u00fcr sozial\u00f6kologische Mobilit\u00e4t und Lebensqualit\u00e4t\u201c Es k\u00f6nnte so sch\u00f6n sein: Alle sind mobil, weil es ein dichtes, attraktives, barrierefreies und f\u00fcr alle bezahlbares Netz des \u00f6ffentlichen Nahverkehrs gibt. In die St\u00e4dte kehren Ruhe und frische Luft zur\u00fcck, weil kaum noch Menschen mit ihrem privaten Pkw [&hellip;]<\/p>\n","protected":false},"author":1,"featured_media":85,"comment_status":"open","ping_status":"open","sticky":false,"template":"","format":"standard","meta":{"footnotes":""},"categories":[2,3],"tags":[],"class_list":["post-84","post","type-post","status-publish","format-standard","has-post-thumbnail","hentry","category-soziale-infrastruktur","category-tue-bus-umsonst"],"_links":{"self":[{"href":"http:\/\/zak-tuebingen.org\/index.php?rest_route=\/wp\/v2\/posts\/84","targetHints":{"allow":["GET"]}}],"collection":[{"href":"http:\/\/zak-tuebingen.org\/index.php?rest_route=\/wp\/v2\/posts"}],"about":[{"href":"http:\/\/zak-tuebingen.org\/index.php?rest_route=\/wp\/v2\/types\/post"}],"author":[{"embeddable":true,"href":"http:\/\/zak-tuebingen.org\/index.php?rest_route=\/wp\/v2\/users\/1"}],"replies":[{"embeddable":true,"href":"http:\/\/zak-tuebingen.org\/index.php?rest_route=%2Fwp%2Fv2%2Fcomments&post=84"}],"version-history":[{"count":2,"href":"http:\/\/zak-tuebingen.org\/index.php?rest_route=\/wp\/v2\/posts\/84\/revisions"}],"predecessor-version":[{"id":87,"href":"http:\/\/zak-tuebingen.org\/index.php?rest_route=\/wp\/v2\/posts\/84\/revisions\/87"}],"wp:featuredmedia":[{"embeddable":true,"href":"http:\/\/zak-tuebingen.org\/index.php?rest_route=\/wp\/v2\/media\/85"}],"wp:attachment":[{"href":"http:\/\/zak-tuebingen.org\/index.php?rest_route=%2Fwp%2Fv2%2Fmedia&parent=84"}],"wp:term":[{"taxonomy":"category","embeddable":true,"href":"http:\/\/zak-tuebingen.org\/index.php?rest_route=%2Fwp%2Fv2%2Fcategories&post=84"},{"taxonomy":"post_tag","embeddable":true,"href":"http:\/\/zak-tuebingen.org\/index.php?rest_route=%2Fwp%2Fv2%2Ftags&post=84"}],"curies":[{"name":"wp","href":"https:\/\/api.w.org\/{rel}","templated":true}]}}