{"id":60,"date":"2015-10-06T18:28:51","date_gmt":"2015-10-06T16:28:51","guid":{"rendered":"http:\/\/zak-tuebingen.org\/?p=60"},"modified":"2015-11-03T19:56:54","modified_gmt":"2015-11-03T17:56:54","slug":"herbst-veranstaltungsreihe-der-medico-international-gruppe-tuebingen","status":"publish","type":"post","link":"http:\/\/zak-tuebingen.org\/?p=60","title":{"rendered":"Herbst-Veranstaltungsreihe der medico international Gruppe T\u00fcbingen"},"content":{"rendered":"<p>Wir m\u00f6chten auf euch auf Veranstaltungen der medico Gruppe T\u00fcbingen hinweisen:<\/p>\n<p class=\"ecxMsoPlainText\">Freitag, 9.10.15, 20 Uhr: Emmanuel Mbolela liest aus seinem Buch \u201eMein Weg vom Kongo nach Europa &#8211; Zwischen Widerstand, Flucht und Exil\u201c<\/p>\n<p class=\"ecxMsoPlainText\">Dienstag, 20.10.15, 20 Uhr: Gesundheitsk\u00e4mpfe und Pflegearbeit in S\u00fcdafrika &#8211; Zwischen F\u00fcrsorge &amp; Emanzipation<\/p>\n<p class=\"ecxMsoPlainText\"><strong>Alle Veranstaltungen im Schlatterhaus, T\u00fcbingen, \u00d6sterbergstra\u00dfe 2<\/strong><\/p>\n<p class=\"ecxMsoPlainText\"><a href=\"http:\/\/zak-tuebingen.org\/?page_id=62\" target=\"_blank\">N\u00e4heres zu Inhalt, Veranstaltern und Referenten hier<\/a><\/p>\n<p class=\"ecxMsoPlainText\">\n","protected":false},"excerpt":{"rendered":"<p>Wir m\u00f6chten auf euch auf Veranstaltungen der medico Gruppe T\u00fcbingen hinweisen: Freitag, 9.10.15, 20 Uhr: Emmanuel Mbolela liest aus seinem Buch \u201eMein Weg vom Kongo nach Europa &#8211; Zwischen Widerstand, Flucht und Exil\u201c Dienstag, 20.10.15, 20 Uhr: Gesundheitsk\u00e4mpfe und Pflegearbeit in S\u00fcdafrika &#8211; Zwischen F\u00fcrsorge &amp; Emanzipation Alle Veranstaltungen im Schlatterhaus, T\u00fcbingen, \u00d6sterbergstra\u00dfe 2 N\u00e4heres [&hellip;]<\/p>\n","protected":false},"author":1,"featured_media":0,"comment_status":"open","ping_status":"open","sticky":false,"template":"","format":"aside","meta":{"footnotes":""},"categories":[4],"tags":[],"class_list":["post-60","post","type-post","status-publish","format-aside","hentry","category-europa-krise-solidaritaet","post_format-post-format-aside"],"_links":{"self":[{"href":"http:\/\/zak-tuebingen.org\/index.php?rest_route=\/wp\/v2\/posts\/60","targetHints":{"allow":["GET"]}}],"collection":[{"href":"http:\/\/zak-tuebingen.org\/index.php?rest_route=\/wp\/v2\/posts"}],"about":[{"href":"http:\/\/zak-tuebingen.org\/index.php?rest_route=\/wp\/v2\/types\/post"}],"author":[{"embeddable":true,"href":"http:\/\/zak-tuebingen.org\/index.php?rest_route=\/wp\/v2\/users\/1"}],"replies":[{"embeddable":true,"href":"http:\/\/zak-tuebingen.org\/index.php?rest_route=%2Fwp%2Fv2%2Fcomments&post=60"}],"version-history":[{"count":6,"href":"http:\/\/zak-tuebingen.org\/index.php?rest_route=\/wp\/v2\/posts\/60\/revisions"}],"predecessor-version":[{"id":82,"href":"http:\/\/zak-tuebingen.org\/index.php?rest_route=\/wp\/v2\/posts\/60\/revisions\/82"}],"wp:attachment":[{"href":"http:\/\/zak-tuebingen.org\/index.php?rest_route=%2Fwp%2Fv2%2Fmedia&parent=60"}],"wp:term":[{"taxonomy":"category","embeddable":true,"href":"http:\/\/zak-tuebingen.org\/index.php?rest_route=%2Fwp%2Fv2%2Fcategories&post=60"},{"taxonomy":"post_tag","embeddable":true,"href":"http:\/\/zak-tuebingen.org\/index.php?rest_route=%2Fwp%2Fv2%2Ftags&post=60"}],"curies":[{"name":"wp","href":"https:\/\/api.w.org\/{rel}","templated":true}]}}