{"id":544,"date":"2025-01-28T21:30:54","date_gmt":"2025-01-28T19:30:54","guid":{"rendered":"https:\/\/zak-tuebingen.org\/?p=544"},"modified":"2025-01-28T22:03:40","modified_gmt":"2025-01-28T20:03:40","slug":"offener-brief-an-cdu-kandidat-christoph-naser-uebergeben","status":"publish","type":"post","link":"http:\/\/zak-tuebingen.org\/?p=544","title":{"rendered":"Offener Brief an CDU Kandidat Christoph Naser \u00fcbergeben"},"content":{"rendered":"\n<p>Am morgigen Mittwoch, 29. Januar, 2025 m\u00f6chte Herr Merz \u00fcber seine \u201ef\u00fcnf Punkte\u201c im Bundestag abstimmen lassen. Die AfD jubelt bereits.<\/p>\n\n\n\n<p>Die Gruppe ZAK\u00b3 hat heute dem CDU-Bundestagskandidaten Christoph Naser den offenen Brief \u00fcbergeben und die Position in einer l\u00e4ngeren Diskussion begr\u00fcndet.<\/p>\n\n\n\n<figure class=\"wp-block-image size-large\"><a href=\"https:\/\/zak-tuebingen.org\/wp-content\/uploads\/2025\/01\/image.png\"><img loading=\"lazy\" decoding=\"async\" width=\"1024\" height=\"553\" src=\"https:\/\/zak-tuebingen.org\/wp-content\/uploads\/2025\/01\/image-1024x553.png\" alt=\"\" class=\"wp-image-545\" srcset=\"http:\/\/zak-tuebingen.org\/wp-content\/uploads\/2025\/01\/image-1024x553.png 1024w, http:\/\/zak-tuebingen.org\/wp-content\/uploads\/2025\/01\/image-300x162.png 300w, http:\/\/zak-tuebingen.org\/wp-content\/uploads\/2025\/01\/image-768x415.png 768w, http:\/\/zak-tuebingen.org\/wp-content\/uploads\/2025\/01\/image-600x324.png 600w, http:\/\/zak-tuebingen.org\/wp-content\/uploads\/2025\/01\/image-1536x829.png 1536w, http:\/\/zak-tuebingen.org\/wp-content\/uploads\/2025\/01\/image-624x337.png 624w, http:\/\/zak-tuebingen.org\/wp-content\/uploads\/2025\/01\/image.png 2034w\" sizes=\"auto, (max-width: 1024px) 100vw, 1024px\" \/><\/a><\/figure>\n\n\n\n<p>Im Offenen Brief hei\u00dft es: \u201eSehr geehrter Herr Naser, sehr geehrte Frau Widmann-Mauz, sehr geehrter Vorstand des Kreisverbands der CDU T\u00fcbingen: Wir fordern Sie auf, Ihren Einfluss geltend zu machen, dass die \u201eBrandmauer\u201c auch inhaltlich erhalten bleibt. <strong>F\u00fcr eine demokratische, gerechte und inklusive Gesellschaft!\u201c<\/strong><\/p>\n\n\n\n<p>Offener Brief, 28. Januar 2025, von Gruppe ZAK\u00b3 T\u00fcbingen:<\/p>\n\n\n\n<p>Sehr geehrter Herr Naser, sehr geehrte Frau Widmann-Mauz, sehr geehrter Vorstand des Kreisverbands der CDU T\u00fcbingen<\/p>\n\n\n\n<p>Vor einem Jahr hatte \u201eFridays for Future\u201c in T\u00fcbingen zu einer ersten Demonstration \u201eDemokratie verteidigen\u201c aufgerufen. Anlass war ein Treffen von Rechtsextremisten in Potsdam, wo \u00fcber die Zwangsausweisung von Millionen Menschen mit Migrationshintergrund diskutiert wurde. Teilnehmer dieses Treffens waren neben mehreren AfD-Politikern auch einzelne Mitglieder aus der Werteunion aus dem Umfeld der CDU.<\/p>\n\n\n\n<p>Nach dem Bekanntwerden dieser Deportations-Pl\u00e4ne demonstrierten \u00fcberall in Deutschland Hunderttausende Demokrat:innen gegen die AfD. Sie demonstrierten gegen Rassismus und Ausgrenzung. Sie demonstrierten f\u00fcr den Zusammenhalt im Land. Dem T\u00fcbinger Demonstrationsaufruf von FFF hatte sich ein breites B\u00fcndnis angeschlossen. Es gab dann eine beeindruckende Demonstration mit mehr als 1000 Teilnehmer:innen. Zwei Wochen sp\u00e4ter waren es dann sogar mehr als 4000.<\/p>\n\n\n\n<p>Die T\u00fcbinger CDU war letztes Jahr zun\u00e4chst nicht als Mitveranstalter gefragt worden.<\/p>\n\n\n\n<p>Sie, Herr Naser, beklagten dies in einem offenen Brief an FFF. Sie distanzierten sich in Ihrem Brief von der Werteunion und benannten \u201eRechtsextremismus und Antisemitismus als die aktuell gr\u00f6\u00dften inneren Sicherheitsrisiken hierzulande\u201c.<\/p>\n\n\n\n<p>Wir sehen das nach wie vor so! Rechtsextremismus und Antisemitismus sind die gr\u00f6\u00dften Gefahren f\u00fcr unsere Demokratie!<\/p>\n\n\n\n<p>Ein Jahr sp\u00e4ter: Nach den Mordtaten von Mannheim, Solingen, Magdeburg und Aschaffenburg treibt die AfD die anderen Parteien vor sich her. Es gibt nur noch ein Thema: Ausl\u00e4nderkriminalit\u00e4t, innere Sicherheit und Abschiebungen. Es wird nicht einmal mehr differenziert, ob der jeweilige T\u00e4ter islamistisch motiviert oder von kruden Antiislamismus getrieben handelte, oder ob er psychisch krank war.<\/p>\n\n\n\n<p>In \u00d6sterreich haben die \u00d6VP und die FP\u00d6 Koalitionsgespr\u00e4che aufgenommen, obwohl die \u00d6VP vor den Wahlen versprochen hatte, nicht mit der FP\u00d6 zusammenzuarbeiten. In den USA hetzt Donald Trump seit jeher gegen Migrant:innen, An seinem \u201eDay One\u201c im Amt hat er diejenigen begnadigt, die gewaltsam das Kapitol gest\u00fcrmt hatten. Sein Berater Elon Musk wirbt f\u00fcr die AfD.<\/p>\n\n\n\n<p>Und nun k\u00fcndigt Friedrich Merz an, am Tag 1 seiner Kanzlerschaft alle Grenzen dauerhaft zu kontrollieren und alle illegalen Einreisen zur\u00fcckzuweisen. Das gelte auch f\u00fcr Menschen mit Schutzanspruch. \u201eEs wird ein faktisches Einreiseverbot in die Bundesrepublik Deutschland f\u00fcr alle geben, die nicht \u00fcber g\u00fcltige Einreisedokumente verf\u00fcgen oder die von der europ\u00e4ischen Freiz\u00fcgigkeit Gebrauch machen.\u201c Er gehe nun \u201eall in\u201c. Merz will eine \u201enationale Notlage\u201c erkl\u00e4ren und so das Europarecht umgehen. Diese Schritte seien Bedingungen f\u00fcr eine Koalitionsregierung unter seiner F\u00fchrung. \u201eMir ist es v\u00f6llig gleichg\u00fcltig, wer diesen Weg politisch mitgeht. Ich sage nur: Ich gehe keinen anderen. Kompromisse sind zu diesen Themen nicht mehr m\u00f6glich.\u201c<\/p>\n\n\n\n<p>Sehr geehrter Herr Naser, ist das die Art von Politik und Demokratieverst\u00e4ndnis, die wir von Ihnen in den n\u00e4chsten vier Jahren erwarten m\u00fcssen?<\/p>\n\n\n\n<p>Vor einem Jahr schrieben Sie in Ihrem offenen Brief an FFF: \u201eUnsere Demokratie ist wirklich unter Hochspannung. Autokraten wie Putin schie\u00dfen im wahrsten Sinne des Wortes in Richtung Demokratie. Trump versucht, Demokratie und Rechtsstaat zu zerst\u00f6ren. Extremisten hetzen gegen unsere demokratische Kultur und demokratische Institutionen.\u201c<\/p>\n\n\n\n<p>Am morgigen Mittwoch, 29. Januar, m\u00f6chte Herr Merz \u00fcber seine \u201ef\u00fcnf Punkte\u201c im Bundestag abstimmen lassen. Die AfD jubelt bereits.<\/p>\n\n\n\n<p>Auch Sie, Frau Widmann-Mauz, k\u00f6nnen an der Abstimmung teilnehmen. Wir fordern Sie auf: Gehen Sie diesen Weg von Herrn Merz nicht mit!<\/p>\n\n\n\n<p>Wir bef\u00fcrchten, dass mit diesem Schritt die Spaltung der Gesellschaft weiter getrieben wird.<\/p>\n\n\n\n<p>Wir bef\u00fcrchten, dass \u00f6sterreichische Verh\u00e4ltnisse auch bei uns m\u00f6glich werden.<\/p>\n\n\n\n<p>Wir bef\u00fcrchten, dass die CDU sich weiter radikalisiert und den damit eingeschlagenen Pfad dann nicht mehr verlassen kann.<\/p>\n\n\n\n<p>Wir fordern Sie auf, Ihren Einfluss geltend zu machen, dass die \u201eBrandmauer\u201c auch inhaltlich erhalten bleibt.<\/p>\n\n\n\n<p>F\u00fcr eine demokratische, gerechte und inklusive Gesellschaft!<\/p>\n\n\n\n<p>Gruppe ZAK\u00b3 T\u00fcbingen<\/p>\n\n\n\n<p><strong>Gerne werben wir f\u00fcr die Kundgebung von Fridays for Future<\/strong><\/p>\n\n\n\n<figure class=\"wp-block-image is-resized\"><img loading=\"lazy\" decoding=\"async\" src=\"https:\/\/cloud.fridaysforfuture.is\/apps\/files_sharing\/publicpreview\/WNzkLcZjHWTaWDL?file=\/Sharepic_20250131.jpeg&amp;fileId=14650838&amp;x=1366&amp;y=768&amp;a=true&amp;etag=aa11ed82d0103281b01a86dbe4ef995b\" alt=\"Sharepic_20250131.jpeg\" width=\"444\" height=\"444\"\/><\/figure>\n","protected":false},"excerpt":{"rendered":"<p>Am morgigen Mittwoch, 29. Januar, 2025 m\u00f6chte Herr Merz \u00fcber seine \u201ef\u00fcnf Punkte\u201c im Bundestag abstimmen lassen. Die AfD jubelt bereits. Die Gruppe ZAK\u00b3 hat heute dem CDU-Bundestagskandidaten Christoph Naser den offenen Brief \u00fcbergeben und die Position in einer l\u00e4ngeren Diskussion begr\u00fcndet. Im Offenen Brief hei\u00dft es: \u201eSehr geehrter Herr Naser, sehr geehrte Frau Widmann-Mauz, [&hellip;]<\/p>\n","protected":false},"author":1,"featured_media":0,"comment_status":"open","ping_status":"open","sticky":true,"template":"","format":"standard","meta":{"footnotes":""},"categories":[1],"tags":[],"class_list":["post-544","post","type-post","status-publish","format-standard","hentry","category-allgemein"],"_links":{"self":[{"href":"http:\/\/zak-tuebingen.org\/index.php?rest_route=\/wp\/v2\/posts\/544","targetHints":{"allow":["GET"]}}],"collection":[{"href":"http:\/\/zak-tuebingen.org\/index.php?rest_route=\/wp\/v2\/posts"}],"about":[{"href":"http:\/\/zak-tuebingen.org\/index.php?rest_route=\/wp\/v2\/types\/post"}],"author":[{"embeddable":true,"href":"http:\/\/zak-tuebingen.org\/index.php?rest_route=\/wp\/v2\/users\/1"}],"replies":[{"embeddable":true,"href":"http:\/\/zak-tuebingen.org\/index.php?rest_route=%2Fwp%2Fv2%2Fcomments&post=544"}],"version-history":[{"count":3,"href":"http:\/\/zak-tuebingen.org\/index.php?rest_route=\/wp\/v2\/posts\/544\/revisions"}],"predecessor-version":[{"id":548,"href":"http:\/\/zak-tuebingen.org\/index.php?rest_route=\/wp\/v2\/posts\/544\/revisions\/548"}],"wp:attachment":[{"href":"http:\/\/zak-tuebingen.org\/index.php?rest_route=%2Fwp%2Fv2%2Fmedia&parent=544"}],"wp:term":[{"taxonomy":"category","embeddable":true,"href":"http:\/\/zak-tuebingen.org\/index.php?rest_route=%2Fwp%2Fv2%2Fcategories&post=544"},{"taxonomy":"post_tag","embeddable":true,"href":"http:\/\/zak-tuebingen.org\/index.php?rest_route=%2Fwp%2Fv2%2Ftags&post=544"}],"curies":[{"name":"wp","href":"https:\/\/api.w.org\/{rel}","templated":true}]}}