{"id":401,"date":"2021-05-17T10:46:34","date_gmt":"2021-05-17T08:46:34","guid":{"rendered":"http:\/\/zak-tuebingen.org\/?p=401"},"modified":"2025-10-19T19:52:24","modified_gmt":"2025-10-19T17:52:24","slug":"impfstoff-fuer-alle","status":"publish","type":"post","link":"http:\/\/zak-tuebingen.org\/?p=401","title":{"rendered":"Impfstoff f\u00fcr alle?!"},"content":{"rendered":"\n<p>Politische und ethische Fragen zur Impfgerechtigkeit. Globale Solidarit\u00e4t statt Impf-Nationalismus. <\/p>\n\n\n\n<p>Aufzeichnung der Online-Veranstaltung vom Mittwoch 10. M\u00e4rz 2021<\/p>\n\n\n\n<figure class=\"wp-block-embed is-type-video is-provider-youtube wp-block-embed-youtube wp-embed-aspect-16-9 wp-has-aspect-ratio\"><div class=\"wp-block-embed__wrapper\">\n<iframe loading=\"lazy\" title=\"Impfstoff f\u00fcr alle?!  Politische und ethische Fragen zur Impfgerechtigkeit.\" width=\"625\" height=\"352\" src=\"https:\/\/www.youtube.com\/embed\/ChGRNHkfjNQ?feature=oembed\" frameborder=\"0\" allow=\"accelerometer; autoplay; clipboard-write; encrypted-media; gyroscope; picture-in-picture; web-share\" referrerpolicy=\"strict-origin-when-cross-origin\" allowfullscreen><\/iframe>\n<\/div><\/figure>\n\n\n\n<p>Von den Veranstaltern eingeladen waren:<\/p>\n\n\n\n<ul class=\"wp-block-list\"><li>Dr. Ingmar Hoerr, Gr\u00fcnder der T\u00fcbinger CureVac AG. CureVac wird voraussichtlich Mitte 2021 einen zugelassenen Covid-Impfstoff anbieten.<\/li><li>Anne Jung, Leiterin der Abteilung \u00d6ffentlichkeitsarbeit, medico international. Medico fordert die Aufhebung des Patentschutzes auf alle unentbehrlichen Medikamente.<\/li><li>Katharina Krause und Katharina Wezel, wiss. Mitarbeiter*innen, Internationales Zentrum f\u00fcr Ethik in den Wissenschaften (IZEW), Universit\u00e4t T\u00fcbingen. Am IZEW wird zu ethischen Fragen in Wissenschaft und Gesellschaft geforscht.<\/li><\/ul>\n\n\n\n<p>Die Ank\u00fcndigung der Bundesregierung am 24.04.2020 vor der WHO, dass alle Menschen weltweit Zugang zu einem Covid-19 Impfstoff bekommen sollen, erweist sich momentan als Worth\u00fclse. De facto haben sich reiche L\u00e4nder des Globalen Nordens den Zugriff auf den Gro\u00dfteil aller verf\u00fcgbaren Impfdosen gesichert, w\u00e4hrend arme Regionen der Welt auf vage Versprechen und pharmazeutische Hilfen in ferner Zukunft hoffen m\u00fcssen.<\/p>\n\n\n\n<p>Steht die Welt am Rande eines \u201ekatastrophalen moralischen Versagens\u201c, wie der Generaldirektor der Weltgesundheitsorganisation (WHO), Tedros Adhanom Ghebreyesus k\u00fcrzlich meinte?<\/p>\n\n\n\n<p>Enorme staatliche Gelder wurden weltweit in die Forschung und Entwicklung von Impfstoffen gegen Covid-19 investiert. Warum gestaltet es sich so schwierig, Impfstoffe gerecht zu verteilen? Wem \u201egeh\u00f6ren\u201c die Impfstoffe? Wie k\u00f6nnten diese zum Wohle Aller weltweit produziert und verteilt werden? Welche Mechanismen braucht es, um eine gerechte Verteilung und einen gerechten Zugang zu diesen lebenswichtigen G\u00fctern zu f\u00f6rdern?<\/p>\n\n\n\n<p>Veranstalter*innen:<\/p>\n\n\n\n<ul class=\"wp-block-list\"><li>Internationales Zentrum f\u00fcr Ethik in den Wissenschaften (IZEW), Universit\u00e4t T\u00fcbingen<\/li><li>Medico International T\u00fcbingen<\/li><li>ZAK\u00b3 T\u00fcbingen (Gruppe gegen Kapitalismus, Krieg und Kohlendioxid)<\/li><li>Kulturzentrum franz.K, Reutlingen<\/li><\/ul>\n\n\n\n<p>Erste Informationen \u00fcber die Arbeit von Medico International finden Interessierte hier: <a href=\"https:\/\/www.medico.de\/corona-solidaritaet-in-zeiten-der-pandemie\" target=\"_blank\" rel=\"noreferrer noopener\">https:\/\/www.medico.de\/corona-solidaritaet-in-zeiten-der-pandemie<\/a><\/p>\n","protected":false},"excerpt":{"rendered":"<p>Politische und ethische Fragen zur Impfgerechtigkeit. Globale Solidarit\u00e4t statt Impf-Nationalismus. Aufzeichnung der Online-Veranstaltung vom Mittwoch 10. M\u00e4rz 2021 Von den Veranstaltern eingeladen waren: Dr. Ingmar Hoerr, Gr\u00fcnder der T\u00fcbinger CureVac AG. CureVac wird voraussichtlich Mitte 2021 einen zugelassenen Covid-Impfstoff anbieten. Anne Jung, Leiterin der Abteilung \u00d6ffentlichkeitsarbeit, medico international. Medico fordert die Aufhebung des Patentschutzes auf [&hellip;]<\/p>\n","protected":false},"author":1,"featured_media":0,"comment_status":"open","ping_status":"open","sticky":false,"template":"","format":"standard","meta":{"footnotes":""},"categories":[1],"tags":[],"class_list":["post-401","post","type-post","status-publish","format-standard","hentry","category-allgemein"],"_links":{"self":[{"href":"http:\/\/zak-tuebingen.org\/index.php?rest_route=\/wp\/v2\/posts\/401","targetHints":{"allow":["GET"]}}],"collection":[{"href":"http:\/\/zak-tuebingen.org\/index.php?rest_route=\/wp\/v2\/posts"}],"about":[{"href":"http:\/\/zak-tuebingen.org\/index.php?rest_route=\/wp\/v2\/types\/post"}],"author":[{"embeddable":true,"href":"http:\/\/zak-tuebingen.org\/index.php?rest_route=\/wp\/v2\/users\/1"}],"replies":[{"embeddable":true,"href":"http:\/\/zak-tuebingen.org\/index.php?rest_route=%2Fwp%2Fv2%2Fcomments&post=401"}],"version-history":[{"count":3,"href":"http:\/\/zak-tuebingen.org\/index.php?rest_route=\/wp\/v2\/posts\/401\/revisions"}],"predecessor-version":[{"id":404,"href":"http:\/\/zak-tuebingen.org\/index.php?rest_route=\/wp\/v2\/posts\/401\/revisions\/404"}],"wp:attachment":[{"href":"http:\/\/zak-tuebingen.org\/index.php?rest_route=%2Fwp%2Fv2%2Fmedia&parent=401"}],"wp:term":[{"taxonomy":"category","embeddable":true,"href":"http:\/\/zak-tuebingen.org\/index.php?rest_route=%2Fwp%2Fv2%2Fcategories&post=401"},{"taxonomy":"post_tag","embeddable":true,"href":"http:\/\/zak-tuebingen.org\/index.php?rest_route=%2Fwp%2Fv2%2Ftags&post=401"}],"curies":[{"name":"wp","href":"https:\/\/api.w.org\/{rel}","templated":true}]}}