{"id":240,"date":"2016-12-28T19:13:24","date_gmt":"2016-12-28T17:13:24","guid":{"rendered":"http:\/\/zak-tuebingen.org\/?p=240"},"modified":"2017-03-13T23:57:21","modified_gmt":"2017-03-13T21:57:21","slug":"keine-abschiebungen-nach-afghanistan","status":"publish","type":"post","link":"http:\/\/zak-tuebingen.org\/?p=240","title":{"rendered":"Keine Abschiebungen nach Afghanistan!"},"content":{"rendered":"<h2 data-canvas-width=\"212.30319663865544\">Kundgebung und Protestaktion<\/h2>\n<h2 data-canvas-width=\"309.67241008403363\">Fr, 30.12.2016, 16.00 Uhr, Holzmarkt T\u00fcbingen<\/h2>\n<p>Kurz vor Weihnachten wurden die ersten Fl\u00fcchtlinge nach Afghanistan abgeschoben, darunter auch einige aus Baden-W\u00fcrttemberg; die n\u00e4chsten Sammelabschiebungen sind schon f\u00fcr Anfang Januar geplant. Gegen diese unmenschliche Politik wollen wir auch in T\u00fcbingen mit einer gemeinsamen Kundgebung verschiedener Organisationen und Initiativen am kommenden Freitag ein deutliches Zeichen setzen<\/p>\n<p>Der vollst\u00e4ndige (mehrsprachige) Aufruf: <a href=\"http:\/\/zak-tuebingen.org\/wp-content\/uploads\/2016\/12\/2016-12-30-afghanistan-aktion-AUFRUF.pdf\">hier klicken (pdf)<\/a><\/p>\n","protected":false},"excerpt":{"rendered":"<p>Kundgebung und Protestaktion Fr, 30.12.2016, 16.00 Uhr, Holzmarkt T\u00fcbingen Kurz vor Weihnachten wurden die ersten Fl\u00fcchtlinge nach Afghanistan abgeschoben, darunter auch einige aus Baden-W\u00fcrttemberg; die n\u00e4chsten Sammelabschiebungen sind schon f\u00fcr Anfang Januar geplant. Gegen diese unmenschliche Politik wollen wir auch in T\u00fcbingen mit einer gemeinsamen Kundgebung verschiedener Organisationen und Initiativen am kommenden Freitag ein deutliches [&hellip;]<\/p>\n","protected":false},"author":1,"featured_media":0,"comment_status":"open","ping_status":"open","sticky":false,"template":"","format":"standard","meta":{"footnotes":""},"categories":[4],"tags":[],"class_list":["post-240","post","type-post","status-publish","format-standard","hentry","category-europa-krise-solidaritaet"],"_links":{"self":[{"href":"http:\/\/zak-tuebingen.org\/index.php?rest_route=\/wp\/v2\/posts\/240","targetHints":{"allow":["GET"]}}],"collection":[{"href":"http:\/\/zak-tuebingen.org\/index.php?rest_route=\/wp\/v2\/posts"}],"about":[{"href":"http:\/\/zak-tuebingen.org\/index.php?rest_route=\/wp\/v2\/types\/post"}],"author":[{"embeddable":true,"href":"http:\/\/zak-tuebingen.org\/index.php?rest_route=\/wp\/v2\/users\/1"}],"replies":[{"embeddable":true,"href":"http:\/\/zak-tuebingen.org\/index.php?rest_route=%2Fwp%2Fv2%2Fcomments&post=240"}],"version-history":[{"count":1,"href":"http:\/\/zak-tuebingen.org\/index.php?rest_route=\/wp\/v2\/posts\/240\/revisions"}],"predecessor-version":[{"id":241,"href":"http:\/\/zak-tuebingen.org\/index.php?rest_route=\/wp\/v2\/posts\/240\/revisions\/241"}],"wp:attachment":[{"href":"http:\/\/zak-tuebingen.org\/index.php?rest_route=%2Fwp%2Fv2%2Fmedia&parent=240"}],"wp:term":[{"taxonomy":"category","embeddable":true,"href":"http:\/\/zak-tuebingen.org\/index.php?rest_route=%2Fwp%2Fv2%2Fcategories&post=240"},{"taxonomy":"post_tag","embeddable":true,"href":"http:\/\/zak-tuebingen.org\/index.php?rest_route=%2Fwp%2Fv2%2Ftags&post=240"}],"curies":[{"name":"wp","href":"https:\/\/api.w.org\/{rel}","templated":true}]}}