{"id":233,"date":"2016-12-05T18:38:07","date_gmt":"2016-12-05T16:38:07","guid":{"rendered":"http:\/\/zak-tuebingen.org\/?p=233"},"modified":"2016-12-28T19:20:23","modified_gmt":"2016-12-28T17:20:23","slug":"wie-tot-ist-fidel-castro-linke-perspektiven-auf-cuba","status":"publish","type":"post","link":"http:\/\/zak-tuebingen.org\/?p=233","title":{"rendered":"Wie tot ist Fidel Castro? Linke Perspektiven auf Cuba."},"content":{"rendered":"<p>Die Gruppe ZAK\u00b3 T\u00fcbingen im Gespr\u00e4ch mit dem Journalisten und Lateinamerika-Kenner Toni Keppeler.<\/p>\n<p><strong>Sonntag, 11. Dezember, 20 Uhr<br \/>\nClub Voltaire, Haaggasse 26b, T\u00fcbingen<\/strong><\/p>\n<p>Fidel Castro ist gestorben. Millionen, vielleicht Milliarden, Menschen trauern um einen gro\u00dfen Revolution\u00e4r, erfolgreichen Realpolitiker und mittelm\u00e4\u00dfigen Baseballspieler. Doch wie revolution\u00e4r war die kubanische Revolution? Wie hat sich unsere Wahrnehmung von Cuba ver\u00e4ndert? Wor\u00fcber sehen wir gerne hinweg? Und vor allem: was bleibt? Dar\u00fcber wollen wir (ZAK\u00b3 T\u00fcbingen, Gruppe gegen Kapitalismus, Krieg und Kohlendioxid &#8212; ehemals Zentralamerikakomitee) mit dem Journalisten und Lateinamerika-Kenner Toni Keppeler diskutieren.<\/p>\n<p><span style=\"font-family: arial;\">Toni hat f\u00fcr die Schweizer &#8222;Wochenzeitung&#8220; (WOZ) einen Nachruf geschrieben:<br \/>\n<\/span><a href=\"http:\/\/latinomedia.de\/Fidel.html\" target=\"_blank\">http:\/\/latinomedia.de\/Fidel.html<\/a><\/p>\n<p>&nbsp;<\/p>\n","protected":false},"excerpt":{"rendered":"<p>Die Gruppe ZAK\u00b3 T\u00fcbingen im Gespr\u00e4ch mit dem Journalisten und Lateinamerika-Kenner Toni Keppeler. Sonntag, 11. Dezember, 20 Uhr Club Voltaire, Haaggasse 26b, T\u00fcbingen Fidel Castro ist gestorben. Millionen, vielleicht Milliarden, Menschen trauern um einen gro\u00dfen Revolution\u00e4r, erfolgreichen Realpolitiker und mittelm\u00e4\u00dfigen Baseballspieler. Doch wie revolution\u00e4r war die kubanische Revolution? Wie hat sich unsere Wahrnehmung von Cuba [&hellip;]<\/p>\n","protected":false},"author":1,"featured_media":0,"comment_status":"open","ping_status":"open","sticky":false,"template":"","format":"standard","meta":{"footnotes":""},"categories":[1],"tags":[],"class_list":["post-233","post","type-post","status-publish","format-standard","hentry","category-allgemein"],"_links":{"self":[{"href":"http:\/\/zak-tuebingen.org\/index.php?rest_route=\/wp\/v2\/posts\/233","targetHints":{"allow":["GET"]}}],"collection":[{"href":"http:\/\/zak-tuebingen.org\/index.php?rest_route=\/wp\/v2\/posts"}],"about":[{"href":"http:\/\/zak-tuebingen.org\/index.php?rest_route=\/wp\/v2\/types\/post"}],"author":[{"embeddable":true,"href":"http:\/\/zak-tuebingen.org\/index.php?rest_route=\/wp\/v2\/users\/1"}],"replies":[{"embeddable":true,"href":"http:\/\/zak-tuebingen.org\/index.php?rest_route=%2Fwp%2Fv2%2Fcomments&post=233"}],"version-history":[{"count":3,"href":"http:\/\/zak-tuebingen.org\/index.php?rest_route=\/wp\/v2\/posts\/233\/revisions"}],"predecessor-version":[{"id":236,"href":"http:\/\/zak-tuebingen.org\/index.php?rest_route=\/wp\/v2\/posts\/233\/revisions\/236"}],"wp:attachment":[{"href":"http:\/\/zak-tuebingen.org\/index.php?rest_route=%2Fwp%2Fv2%2Fmedia&parent=233"}],"wp:term":[{"taxonomy":"category","embeddable":true,"href":"http:\/\/zak-tuebingen.org\/index.php?rest_route=%2Fwp%2Fv2%2Fcategories&post=233"},{"taxonomy":"post_tag","embeddable":true,"href":"http:\/\/zak-tuebingen.org\/index.php?rest_route=%2Fwp%2Fv2%2Ftags&post=233"}],"curies":[{"name":"wp","href":"https:\/\/api.w.org\/{rel}","templated":true}]}}