{"id":217,"date":"2016-07-09T23:39:07","date_gmt":"2016-07-09T21:39:07","guid":{"rendered":"http:\/\/zak-tuebingen.org\/?p=217"},"modified":"2016-11-19T16:32:45","modified_gmt":"2016-11-19T14:32:45","slug":"der-arabische-fruehling-zeitzeugen-berichten","status":"publish","type":"post","link":"http:\/\/zak-tuebingen.org\/?p=217","title":{"rendered":"Der &#8222;Arabische Fr\u00fchling&#8220; &#8211; Zeitzeugen berichten"},"content":{"rendered":"<h3><strong>20.7.2016, 20.00 Uhr in der Hausbar, Schellingstr. 6<\/strong><\/h3>\n<h3><strong>ab 19.00 Uhr gibt es arabisch-syrisches Essen f\u00fcr alle gegen Spende<\/strong><\/h3>\n<p><a href=\"http:\/\/zak-tuebingen.org\/wp-content\/uploads\/2016\/07\/arabic-Arabische-Fr\u00fchling.pdf\">arabic version (PDF)<\/a><\/p>\n<p>Mit der \u201eJasmin-Revolution\u201c in Tunesien 2010\/11 begann der \u201eArabische Fr\u00fchling\u201c als eine sich schnell \u00fcber die arabische Welt ausbreitende Protestbewegung gegen dort herrschende autorit\u00e4re Regime. Die Forderungen nach einer allgemeinen Verbesserung der Lebensbedingungen, politischer Mitbestimmung, einer lebenswerten Perspektive f\u00fcr die Jugend oder einer funktionierenden Justiz wurden schnell zu der Losung \u201eDas Volk w\u00fcnscht den Sturz des Regimes!\u201c.<\/p>\n<p>Hier \u201eim Westen\u201c wurden diese Ereignisse damals \u00fcberwiegend als positive \u00dcberraschung wahrgenommen und mit gro\u00dfem Interesse verfolgt. Der beeindruckende Mut und die Symbole der Proteste in der arabischen Welt wurden ab 2011 auch Vorbild und Ansporn f\u00fcr andere soziale Bewegungen weltweit. Von Gewerkschaftsprotesten in Wisconsin, USA \u00fcber die sozialen Bewegungen in Spanien, der Demokratiebewegung im Iran bis hin zu Demonstrationen in China bezogen sich soziale oder politische Bewegungen dieser Zeit auf den arabischen Fr\u00fchling. Offensichtlich hatten die unterschiedlichen Proteste in der arabischen Welt, als auch au\u00dferhalb davon, trotz verschiedener nationaler Ausgangssituationen ein gemeinsames Ziel: Ein selbstbestimmtes Leben in Freiheit und W\u00fcrde.<\/p>\n<p>Heute im Jahr 2016 muss festgestellt werden, dass die Hoffnungen der Jahre 2010\/11 kaum eingetreten sind. In vielen L\u00e4ndern wurden die Bewegungen gewaltsam unterdr\u00fcckt oder sie m\u00fcndeten in verheerende kriegerische Auseinandersetzungen und politisches Chaos. Dort wo eine langj\u00e4hrige Diktatur gest\u00fcrzt werden konnte, traten anstelle eines hoffnungsvollen Neubeginns ethnische oder religi\u00f6se Spannungen. In Verbindung mit der weiterhin schlechten wirtschaftlichen Lage und der durch Krieg und Perspektivlosigkeit verursachten Auswanderung bleibt die allgemeine Situation der Menschen in der arabischen Welt schwierig.<\/p>\n<p>In der Veranstaltung sollen arabische Zeugen der Ereignisse interviewt werden um sie noch einmal aus ihrer Sicht darzustellen, Erfahrungen zu diskutieren und die Bedeutung f\u00fcr die Gegenwart zu beurteilen:<\/p>\n<ul>\n<li>Wie kam es zum arabischen Fr\u00fchling, wer hat sich beteiligt und mit welchen Zielen?<\/li>\n<li>Wie stark hat er die Menschen in der arabischen Welt verbunden und wie ist die Situation heute?<\/li>\n<li>Welche Lehren k\u00f6nnen aus dem Verlauf der Proteste gezogen werden?<\/li>\n<\/ul>\n","protected":false},"excerpt":{"rendered":"<p>20.7.2016, 20.00 Uhr in der Hausbar, Schellingstr. 6 ab 19.00 Uhr gibt es arabisch-syrisches Essen f\u00fcr alle gegen Spende arabic version (PDF) Mit der \u201eJasmin-Revolution\u201c in Tunesien 2010\/11 begann der \u201eArabische Fr\u00fchling\u201c als eine sich schnell \u00fcber die arabische Welt ausbreitende Protestbewegung gegen dort herrschende autorit\u00e4re Regime. Die Forderungen nach einer allgemeinen Verbesserung der Lebensbedingungen, [&hellip;]<\/p>\n","protected":false},"author":1,"featured_media":0,"comment_status":"open","ping_status":"open","sticky":false,"template":"","format":"standard","meta":{"footnotes":""},"categories":[4],"tags":[],"class_list":["post-217","post","type-post","status-publish","format-standard","hentry","category-europa-krise-solidaritaet"],"_links":{"self":[{"href":"http:\/\/zak-tuebingen.org\/index.php?rest_route=\/wp\/v2\/posts\/217","targetHints":{"allow":["GET"]}}],"collection":[{"href":"http:\/\/zak-tuebingen.org\/index.php?rest_route=\/wp\/v2\/posts"}],"about":[{"href":"http:\/\/zak-tuebingen.org\/index.php?rest_route=\/wp\/v2\/types\/post"}],"author":[{"embeddable":true,"href":"http:\/\/zak-tuebingen.org\/index.php?rest_route=\/wp\/v2\/users\/1"}],"replies":[{"embeddable":true,"href":"http:\/\/zak-tuebingen.org\/index.php?rest_route=%2Fwp%2Fv2%2Fcomments&post=217"}],"version-history":[{"count":7,"href":"http:\/\/zak-tuebingen.org\/index.php?rest_route=\/wp\/v2\/posts\/217\/revisions"}],"predecessor-version":[{"id":226,"href":"http:\/\/zak-tuebingen.org\/index.php?rest_route=\/wp\/v2\/posts\/217\/revisions\/226"}],"wp:attachment":[{"href":"http:\/\/zak-tuebingen.org\/index.php?rest_route=%2Fwp%2Fv2%2Fmedia&parent=217"}],"wp:term":[{"taxonomy":"category","embeddable":true,"href":"http:\/\/zak-tuebingen.org\/index.php?rest_route=%2Fwp%2Fv2%2Fcategories&post=217"},{"taxonomy":"post_tag","embeddable":true,"href":"http:\/\/zak-tuebingen.org\/index.php?rest_route=%2Fwp%2Fv2%2Ftags&post=217"}],"curies":[{"name":"wp","href":"https:\/\/api.w.org\/{rel}","templated":true}]}}