{"id":214,"date":"2016-07-04T19:05:18","date_gmt":"2016-07-04T17:05:18","guid":{"rendered":"http:\/\/zak-tuebingen.org\/?p=214"},"modified":"2016-11-19T16:32:32","modified_gmt":"2016-11-19T14:32:32","slug":"was-heisst-denn-hier-hilfe","status":"publish","type":"post","link":"http:\/\/zak-tuebingen.org\/?p=214","title":{"rendered":"Was hei\u00dft denn hier Hilfe?"},"content":{"rendered":"<p class=\"x_MsoNormal\"><b>Unterst\u00fctzungsarbeit \u2013 auf Augenh\u00f6he mit Gefl\u00fcchteten?!<\/b><\/p>\n<p class=\"x_MsoNormal\">Videopr\u00e4sentation \u2013 Vortrag \u2013 Reflexionsr\u00e4ume<\/p>\n<p class=\"x_MsoNormal\">mit Thomas Gebauer, medico international<\/p>\n<p class=\"x_MsoNormal\"><strong>26. Juli, 19 Uhr \u2013 22 Uhr, T\u00fcbingen, Alte Aula, M\u00fcnzgasse (neben Stiftskirche)<\/strong><\/p>\n<p class=\"x_MsoNormal\">\u201eHelfen\u201c, eine Geste der Menschlichkeit, eine normale Sache, nichts wor\u00fcber man viel Aufhebens machen muss? Und doch merken wir immer wieder, in der Sozialen Arbeit, wie auch im ehrenamtlichen Engagement, dass \u201eHelfen\u201c eine vielfach voraussetzungsvolle und widerspr\u00fcchliche Beziehung darstellt. Dies umso mehr, wenn diejenigen, die Hilfe anbieten, und diejenigen, die sie annehmen, strukturell einen so unterschiedlichen Platz in der Gesellschaft einnehmen, wie dies in der ehrenamtlichen Arbeit mit Gefl\u00fcchteten der Fall ist. Gerade hier wird aber h\u00e4ufig von einer \u201eBegegnung auf Augenh\u00f6he\u201c gesprochen. Geht das? Was macht das Gep\u00e4ck von hunderten Jahren machtvollen \u201eHelfens\u201c des Westens gegen\u00fcber dem globalen S\u00fcden mit den Beteiligten? Wie kann eine Hilfe gelingen, in der die Gefl\u00fcchteten mehr und nicht weniger Verf\u00fcgung \u00fcber ihr eigenes Leben erhalten?<\/p>\n<p class=\"x_MsoNormal\">Das Netzwerk rassismuskritische Migrationsp\u00e4dagogik hat zusammen mit dem IQ-Landesnetzwerk Baden-W\u00fcrttemberg zu diesen Fragen das Video \u201eUnterst\u00fctzungsarbeit \u2013 auf Augenh\u00f6he mit Gefl\u00fcchteten?!\u201c (<a href=\"http:\/\/www.rassismuskritik-bw.de\/erklaervideo\" target=\"_blank\">www.rassismuskritik-bw.de\/erklaervideo<\/a>) gedreht.<\/p>\n<p class=\"x_MsoNormal\">Im Anschluss wird Thomas Gebauer mit einem Vortrag Impulse setzen. Er ist Gesch\u00e4ftsf\u00fchrer der Menschenrechts- und Hilfsorganisation medico international, die sich auf die Fahnen geschrieben hat Hilfe zu verteidigen, Hilfe zu kritisieren und Hilfe zu \u00fcberwinden. Die versucht mit den Menschen, statt f\u00fcr sie zu arbeiten. Und die gleichzeitig Hilfe im gesellschaftlichen Kontext betrachtet und repolitisiert. Diese \u201eHilfe im Handgemenge\u201c scheint uns auch f\u00fcr die ehrenamtliche Unterst\u00fctzung f\u00fcr Gefl\u00fcchtete ein fruchtbarer Ansatz.<\/p>\n<p class=\"x_MsoNormal\">Im dritten Teil des Abends wollen wir in kleinen Runden Reflexionsr\u00e4ume er\u00f6ffnen um unsere Fragen zu vertiefen.<\/p>\n<p class=\"x_MsoNormal\">Institut f\u00fcr Erziehungswissenschaft, Abteilung Sozialp\u00e4dagogik<br \/>\nNetzwerk Rassismuskritische Migrationsp\u00e4dagogik Ba-W\u00fc<br \/>\nProjekt klever-iq<\/p>\n","protected":false},"excerpt":{"rendered":"<p>Unterst\u00fctzungsarbeit \u2013 auf Augenh\u00f6he mit Gefl\u00fcchteten?! Videopr\u00e4sentation \u2013 Vortrag \u2013 Reflexionsr\u00e4ume mit Thomas Gebauer, medico international 26. Juli, 19 Uhr \u2013 22 Uhr, T\u00fcbingen, Alte Aula, M\u00fcnzgasse (neben Stiftskirche) \u201eHelfen\u201c, eine Geste der Menschlichkeit, eine normale Sache, nichts wor\u00fcber man viel Aufhebens machen muss? Und doch merken wir immer wieder, in der Sozialen Arbeit, wie [&hellip;]<\/p>\n","protected":false},"author":1,"featured_media":0,"comment_status":"open","ping_status":"open","sticky":false,"template":"","format":"standard","meta":{"footnotes":""},"categories":[4],"tags":[],"class_list":["post-214","post","type-post","status-publish","format-standard","hentry","category-europa-krise-solidaritaet"],"_links":{"self":[{"href":"http:\/\/zak-tuebingen.org\/index.php?rest_route=\/wp\/v2\/posts\/214","targetHints":{"allow":["GET"]}}],"collection":[{"href":"http:\/\/zak-tuebingen.org\/index.php?rest_route=\/wp\/v2\/posts"}],"about":[{"href":"http:\/\/zak-tuebingen.org\/index.php?rest_route=\/wp\/v2\/types\/post"}],"author":[{"embeddable":true,"href":"http:\/\/zak-tuebingen.org\/index.php?rest_route=\/wp\/v2\/users\/1"}],"replies":[{"embeddable":true,"href":"http:\/\/zak-tuebingen.org\/index.php?rest_route=%2Fwp%2Fv2%2Fcomments&post=214"}],"version-history":[{"count":2,"href":"http:\/\/zak-tuebingen.org\/index.php?rest_route=\/wp\/v2\/posts\/214\/revisions"}],"predecessor-version":[{"id":216,"href":"http:\/\/zak-tuebingen.org\/index.php?rest_route=\/wp\/v2\/posts\/214\/revisions\/216"}],"wp:attachment":[{"href":"http:\/\/zak-tuebingen.org\/index.php?rest_route=%2Fwp%2Fv2%2Fmedia&parent=214"}],"wp:term":[{"taxonomy":"category","embeddable":true,"href":"http:\/\/zak-tuebingen.org\/index.php?rest_route=%2Fwp%2Fv2%2Fcategories&post=214"},{"taxonomy":"post_tag","embeddable":true,"href":"http:\/\/zak-tuebingen.org\/index.php?rest_route=%2Fwp%2Fv2%2Ftags&post=214"}],"curies":[{"name":"wp","href":"https:\/\/api.w.org\/{rel}","templated":true}]}}