{"id":203,"date":"2016-05-10T23:29:42","date_gmt":"2016-05-10T21:29:42","guid":{"rendered":"http:\/\/zak-tuebingen.org\/?p=203"},"modified":"2016-07-04T19:05:53","modified_gmt":"2016-07-04T17:05:53","slug":"krise-und-grenzregime-griechenland-ein-jahr-nach-dem-oxi","status":"publish","type":"post","link":"http:\/\/zak-tuebingen.org\/?p=203","title":{"rendered":"Krise und Grenzregime. Griechenland ein Jahr nach dem &#8222;Oxi&#8220;"},"content":{"rendered":"<p class=\"x_MsoNormal\"><b>Mittwoch, 08.06.2016, 20:00 Uhr | T\u00fcbingen | Club Voltaire | Haaggasse 26B<\/b><\/p>\n<p class=\"x_MsoNormal\">Nach dem \u00abEU-T\u00fcrkei-Deal\u00bb versch\u00e4rft sich die Situation der Gefl\u00fcchteten auf den griechischen Inseln und auf dem griechischen Festland. Ihr Grundrecht auf individuelles Asyl wird infrage gestellt und sie sehen sich mit der Abschiebung in den \u00absicheren Herkunftsstaat\u00bb T\u00fcrkei konfrontiert. Wie reagiert die griechische Gesellschaft auf diese Entwicklung? Was macht die parlamentarische und au\u00dferparlamentarische Linke? Was macht das Spardiktat der EU mit der griechischen Gesellschaft und wie wehrt sich diese hiergegen?<\/p>\n<p class=\"x_MsoNormal\">Diese Fragen wollen wir mit dem Sozialwissenschaftler, Migrationsforscher und Aktivisten <b>Prof. Athanasios Marvakis<\/b> diskutieren. Athanasios Marvakis ist Grieche mit schw\u00e4bischem und Schwabe mit griechischem Migrationshintergrund. Er hat in T\u00fcbingen promoviert und arbeitet als Professor f\u00fcr Sozialpsychologie an der Universit\u00e4t in Thessaloniki.<\/p>\n<p class=\"x_MsoNormal\"><i>Eine Veranstaltung von ZAK\u00b3 T\u00fcbingen (Gruppe gegen Kapitalismus, Krieg und Kohlendioxid), Club Voltaire und Rosa-Luxemburg-Stiftung Baden-W\u00fcrttemberg<\/i><\/p>\n","protected":false},"excerpt":{"rendered":"<p>Mittwoch, 08.06.2016, 20:00 Uhr | T\u00fcbingen | Club Voltaire | Haaggasse 26B Nach dem \u00abEU-T\u00fcrkei-Deal\u00bb versch\u00e4rft sich die Situation der Gefl\u00fcchteten auf den griechischen Inseln und auf dem griechischen Festland. Ihr Grundrecht auf individuelles Asyl wird infrage gestellt und sie sehen sich mit der Abschiebung in den \u00absicheren Herkunftsstaat\u00bb T\u00fcrkei konfrontiert. Wie reagiert die griechische [&hellip;]<\/p>\n","protected":false},"author":1,"featured_media":0,"comment_status":"open","ping_status":"open","sticky":false,"template":"","format":"standard","meta":{"footnotes":""},"categories":[4],"tags":[],"class_list":["post-203","post","type-post","status-publish","format-standard","hentry","category-europa-krise-solidaritaet"],"_links":{"self":[{"href":"http:\/\/zak-tuebingen.org\/index.php?rest_route=\/wp\/v2\/posts\/203","targetHints":{"allow":["GET"]}}],"collection":[{"href":"http:\/\/zak-tuebingen.org\/index.php?rest_route=\/wp\/v2\/posts"}],"about":[{"href":"http:\/\/zak-tuebingen.org\/index.php?rest_route=\/wp\/v2\/types\/post"}],"author":[{"embeddable":true,"href":"http:\/\/zak-tuebingen.org\/index.php?rest_route=\/wp\/v2\/users\/1"}],"replies":[{"embeddable":true,"href":"http:\/\/zak-tuebingen.org\/index.php?rest_route=%2Fwp%2Fv2%2Fcomments&post=203"}],"version-history":[{"count":1,"href":"http:\/\/zak-tuebingen.org\/index.php?rest_route=\/wp\/v2\/posts\/203\/revisions"}],"predecessor-version":[{"id":204,"href":"http:\/\/zak-tuebingen.org\/index.php?rest_route=\/wp\/v2\/posts\/203\/revisions\/204"}],"wp:attachment":[{"href":"http:\/\/zak-tuebingen.org\/index.php?rest_route=%2Fwp%2Fv2%2Fmedia&parent=203"}],"wp:term":[{"taxonomy":"category","embeddable":true,"href":"http:\/\/zak-tuebingen.org\/index.php?rest_route=%2Fwp%2Fv2%2Fcategories&post=203"},{"taxonomy":"post_tag","embeddable":true,"href":"http:\/\/zak-tuebingen.org\/index.php?rest_route=%2Fwp%2Fv2%2Ftags&post=203"}],"curies":[{"name":"wp","href":"https:\/\/api.w.org\/{rel}","templated":true}]}}