{"id":195,"date":"2016-03-18T00:13:43","date_gmt":"2016-03-17T22:13:43","guid":{"rendered":"http:\/\/zak-tuebingen.org\/?p=195"},"modified":"2016-05-10T23:27:43","modified_gmt":"2016-05-10T21:27:43","slug":"kein-platz-zum-leben","status":"publish","type":"post","link":"http:\/\/zak-tuebingen.org\/?p=195","title":{"rendered":"&#8222;Kein Platz zum Leben&#8220;"},"content":{"rendered":"<h2>Ein Abend mit den Menschen, die in der Kreissporthalle leben<\/h2>\n<p><strong>Dienstag, 22.3.2016, um 19 Uhr im Sudhaus (Raum \u201ePeripherie\u201c)<\/strong><\/p>\n<p>Zu dieser Veranstaltung laden die Gefl\u00fcchteten der Kreissporthalle in Zusammenarbeit mit dem B\u00fcndnis &#8222;Solidarity &amp; Action: T\u00fcbingen f\u00fcr Alle&#8220; und dem Infocaf\u00e9 ein. Die Veranstaltung wird unterst\u00fctzt vom AK Kreissporthalle und dem Sudhaus.<br \/>\nDie Gefl\u00fcchteten werden auf dem Podium von der f\u00fcr sie unertr\u00e4glichen Situation in der Kreissporthalle berichten. Eingeladen sind au\u00dferdem Vertreter_innen des Land-ratsamts T\u00fcbingen, die f\u00fcr die Unterbringung der Gefl\u00fcchteten zust\u00e4ndig sind.<\/p>\n<p><a href=\"http:\/\/zak-tuebingen.org\/?page_id=182\">N\u00e4heres zum Inhalt der Veranstaltung hier<\/a><\/p>\n","protected":false},"excerpt":{"rendered":"<p>Ein Abend mit den Menschen, die in der Kreissporthalle leben Dienstag, 22.3.2016, um 19 Uhr im Sudhaus (Raum \u201ePeripherie\u201c) Zu dieser Veranstaltung laden die Gefl\u00fcchteten der Kreissporthalle in Zusammenarbeit mit dem B\u00fcndnis &#8222;Solidarity &amp; Action: T\u00fcbingen f\u00fcr Alle&#8220; und dem Infocaf\u00e9 ein. Die Veranstaltung wird unterst\u00fctzt vom AK Kreissporthalle und dem Sudhaus. Die Gefl\u00fcchteten werden [&hellip;]<\/p>\n","protected":false},"author":1,"featured_media":183,"comment_status":"open","ping_status":"open","sticky":false,"template":"","format":"standard","meta":{"footnotes":""},"categories":[4],"tags":[],"class_list":["post-195","post","type-post","status-publish","format-standard","has-post-thumbnail","hentry","category-europa-krise-solidaritaet"],"_links":{"self":[{"href":"http:\/\/zak-tuebingen.org\/index.php?rest_route=\/wp\/v2\/posts\/195","targetHints":{"allow":["GET"]}}],"collection":[{"href":"http:\/\/zak-tuebingen.org\/index.php?rest_route=\/wp\/v2\/posts"}],"about":[{"href":"http:\/\/zak-tuebingen.org\/index.php?rest_route=\/wp\/v2\/types\/post"}],"author":[{"embeddable":true,"href":"http:\/\/zak-tuebingen.org\/index.php?rest_route=\/wp\/v2\/users\/1"}],"replies":[{"embeddable":true,"href":"http:\/\/zak-tuebingen.org\/index.php?rest_route=%2Fwp%2Fv2%2Fcomments&post=195"}],"version-history":[{"count":2,"href":"http:\/\/zak-tuebingen.org\/index.php?rest_route=\/wp\/v2\/posts\/195\/revisions"}],"predecessor-version":[{"id":197,"href":"http:\/\/zak-tuebingen.org\/index.php?rest_route=\/wp\/v2\/posts\/195\/revisions\/197"}],"wp:featuredmedia":[{"embeddable":true,"href":"http:\/\/zak-tuebingen.org\/index.php?rest_route=\/wp\/v2\/media\/183"}],"wp:attachment":[{"href":"http:\/\/zak-tuebingen.org\/index.php?rest_route=%2Fwp%2Fv2%2Fmedia&parent=195"}],"wp:term":[{"taxonomy":"category","embeddable":true,"href":"http:\/\/zak-tuebingen.org\/index.php?rest_route=%2Fwp%2Fv2%2Fcategories&post=195"},{"taxonomy":"post_tag","embeddable":true,"href":"http:\/\/zak-tuebingen.org\/index.php?rest_route=%2Fwp%2Fv2%2Ftags&post=195"}],"curies":[{"name":"wp","href":"https:\/\/api.w.org\/{rel}","templated":true}]}}