{"id":178,"date":"2016-01-26T21:52:25","date_gmt":"2016-01-26T19:52:25","guid":{"rendered":"http:\/\/zak-tuebingen.org\/?p=178"},"modified":"2016-01-26T21:52:47","modified_gmt":"2016-01-26T19:52:47","slug":"aufruf-zur-gegenkundgebung-vor-afd-veranstaltung-in-reutlingen","status":"publish","type":"post","link":"http:\/\/zak-tuebingen.org\/?p=178","title":{"rendered":"Aufruf zur Gegenkundgebung vor AfD-Veranstaltung in Reutlingen"},"content":{"rendered":"<p>Die Fl\u00fcchtlingskrise bildet den derzeitigen H\u00f6hepunkt einer von Krisen gebeutelten EU. Nach und nach tritt an Stelle des Europ\u00e4ischen Gemeinschaftssinns ein Europa der Kleinstaaterei und nationalen Egoismen. Rechtspopulisten, nutzen jede Krise aus um mit Scheinl\u00f6sungen bei der Bev\u00f6lkerung zu Punkten. So auch die AfD!<\/p>\n<p>Der politische Arm der nationalistischen und demokratiefeindlichen PEGIDA bedient mit Begriffen wie \u201eL\u00fcgenpresse\u201c oder \u201eafrikanischer Ausbreitungstyp\u201c rassistische Ressentiments in der Bev\u00f6lkerung, mit der Absicht eine Spaltung herbeizuf\u00fchren.<\/p>\n<p>Darum ruft das Reutlinger B\u00fcndnis f\u00fcr Toleranz und Vielfalt dazu auf ein starkes Zeichen f\u00fcr Demokratie und Menschenrechte zu setzen. Unmittelbar vor der AfD Veranstaltung im Spitalhof wird eine *Gegenkundgebung auf dem <strong>Marktplatz am 29.1.16 um 18:00 Uh<\/strong>r* stattfinden. Zeigen wir A. Gauland an diesem Tag, dass er NICHT willkommen ist in Reutlingen. Und auch F. Petry, f\u00fcr den 10.3.16 in der Stadthalle angek\u00fcndigt, ist ebenso NICHT willkommen!<\/p>\n<p>+++ Unterst\u00fctzer*innen +++<\/p>\n<p>&#8211; DGB Kreisverband Reutlingen<br \/>\n&#8211; IG-Metall Reutlingen T\u00fcbingen<br \/>\n&#8211; Verdi Bezirk Fils-Neckar-Alb<br \/>\n&#8211; Asylpfarramt Reutlingen<br \/>\n&#8211; OTFR (T\u00fcbingen)<br \/>\n&#8211; Amnesty International Reutlingen<br \/>\n&#8211; Asylcafe Reutlingen<br \/>\n&#8211; FDP Kreisverband Reutlingen<br \/>\n&#8211; B\u00fcndnis 90\/Die Gr\u00fcnen Reutlingen Kreisverband, Gemeinderat und Ortsverein<br \/>\n&#8211; SPD Gemeinderatsfraktion und Ortsverein Reutlingen<br \/>\n&#8211; Linke Liste Reutlingen<br \/>\n&#8211; Integrationsrat Reutlingen<br \/>\n&#8211; Jugendgemeinderat Reutlingen<br \/>\n&#8211; Kulturschock Zelle e.V.<br \/>\n&#8211; Kulturzentrum franz.K<br \/>\n&#8211; ridaf<br \/>\n&#8211; T\u00fcrkischer Kultur und Integrationsverein Reutlingen e.V.<br \/>\n&#8211; Naturtheater Reutlingen<br \/>\n&#8211; Verein Netzwerk Kultur Reutlingen e.V.<br \/>\n&#8211; Linksjugend [&#8217;solid] Reutlingen<br \/>\n&#8211; unabh\u00e4ngige Reutlinger-Frauengruppe<br \/>\n&#8211; Arbeiterwohlfahrt Ortsverein Reutlingen e.V.<\/p>\n","protected":false},"excerpt":{"rendered":"<p>Die Fl\u00fcchtlingskrise bildet den derzeitigen H\u00f6hepunkt einer von Krisen gebeutelten EU. Nach und nach tritt an Stelle des Europ\u00e4ischen Gemeinschaftssinns ein Europa der Kleinstaaterei und nationalen Egoismen. Rechtspopulisten, nutzen jede Krise aus um mit Scheinl\u00f6sungen bei der Bev\u00f6lkerung zu Punkten. So auch die AfD! Der politische Arm der nationalistischen und demokratiefeindlichen PEGIDA bedient mit Begriffen [&hellip;]<\/p>\n","protected":false},"author":1,"featured_media":0,"comment_status":"open","ping_status":"open","sticky":false,"template":"","format":"standard","meta":{"footnotes":""},"categories":[4],"tags":[],"class_list":["post-178","post","type-post","status-publish","format-standard","hentry","category-europa-krise-solidaritaet"],"_links":{"self":[{"href":"http:\/\/zak-tuebingen.org\/index.php?rest_route=\/wp\/v2\/posts\/178","targetHints":{"allow":["GET"]}}],"collection":[{"href":"http:\/\/zak-tuebingen.org\/index.php?rest_route=\/wp\/v2\/posts"}],"about":[{"href":"http:\/\/zak-tuebingen.org\/index.php?rest_route=\/wp\/v2\/types\/post"}],"author":[{"embeddable":true,"href":"http:\/\/zak-tuebingen.org\/index.php?rest_route=\/wp\/v2\/users\/1"}],"replies":[{"embeddable":true,"href":"http:\/\/zak-tuebingen.org\/index.php?rest_route=%2Fwp%2Fv2%2Fcomments&post=178"}],"version-history":[{"count":2,"href":"http:\/\/zak-tuebingen.org\/index.php?rest_route=\/wp\/v2\/posts\/178\/revisions"}],"predecessor-version":[{"id":180,"href":"http:\/\/zak-tuebingen.org\/index.php?rest_route=\/wp\/v2\/posts\/178\/revisions\/180"}],"wp:attachment":[{"href":"http:\/\/zak-tuebingen.org\/index.php?rest_route=%2Fwp%2Fv2%2Fmedia&parent=178"}],"wp:term":[{"taxonomy":"category","embeddable":true,"href":"http:\/\/zak-tuebingen.org\/index.php?rest_route=%2Fwp%2Fv2%2Fcategories&post=178"},{"taxonomy":"post_tag","embeddable":true,"href":"http:\/\/zak-tuebingen.org\/index.php?rest_route=%2Fwp%2Fv2%2Ftags&post=178"}],"curies":[{"name":"wp","href":"https:\/\/api.w.org\/{rel}","templated":true}]}}