{"id":170,"date":"2016-01-22T23:47:27","date_gmt":"2016-01-22T21:47:27","guid":{"rendered":"http:\/\/zak-tuebingen.org\/?p=170"},"modified":"2016-03-18T00:14:56","modified_gmt":"2016-03-17T22:14:56","slug":"nach-koeln-sprechen-ueber-sexismus-und-rassismus","status":"publish","type":"post","link":"http:\/\/zak-tuebingen.org\/?p=170","title":{"rendered":"Nach K\u00f6ln \u2013 sprechen \u00fcber Sexismus und Rassismus"},"content":{"rendered":"<p class=\"ecxMsoNormal\"><b>Nach K\u00f6ln \u2013 sprechen \u00fcber Sexismus und Rassismus<\/b><br \/>\nVortrag und Podiumsgespr\u00e4ch<\/p>\n<p><b>Donnerstag, 28.1.2016 um 19.30 Uhr<\/b><br \/>\nOrt: Institut f\u00fcr Erziehungswissenschaft, M\u00fcnzgasse 30, Alte Aula, T\u00fcbingen<\/p>\n<p>Mehr zu Inhalt und Programm der Veranstaltung <a href=\"http:\/\/zak-tuebingen.org\/?page_id=167\">hier<\/a>.<\/p>\n","protected":false},"excerpt":{"rendered":"<p>Nach K\u00f6ln \u2013 sprechen \u00fcber Sexismus und Rassismus Vortrag und Podiumsgespr\u00e4ch Donnerstag, 28.1.2016 um 19.30 Uhr Ort: Institut f\u00fcr Erziehungswissenschaft, M\u00fcnzgasse 30, Alte Aula, T\u00fcbingen Mehr zu Inhalt und Programm der Veranstaltung hier.<\/p>\n","protected":false},"author":1,"featured_media":0,"comment_status":"open","ping_status":"open","sticky":false,"template":"","format":"standard","meta":{"footnotes":""},"categories":[1],"tags":[],"class_list":["post-170","post","type-post","status-publish","format-standard","hentry","category-allgemein"],"_links":{"self":[{"href":"http:\/\/zak-tuebingen.org\/index.php?rest_route=\/wp\/v2\/posts\/170","targetHints":{"allow":["GET"]}}],"collection":[{"href":"http:\/\/zak-tuebingen.org\/index.php?rest_route=\/wp\/v2\/posts"}],"about":[{"href":"http:\/\/zak-tuebingen.org\/index.php?rest_route=\/wp\/v2\/types\/post"}],"author":[{"embeddable":true,"href":"http:\/\/zak-tuebingen.org\/index.php?rest_route=\/wp\/v2\/users\/1"}],"replies":[{"embeddable":true,"href":"http:\/\/zak-tuebingen.org\/index.php?rest_route=%2Fwp%2Fv2%2Fcomments&post=170"}],"version-history":[{"count":1,"href":"http:\/\/zak-tuebingen.org\/index.php?rest_route=\/wp\/v2\/posts\/170\/revisions"}],"predecessor-version":[{"id":171,"href":"http:\/\/zak-tuebingen.org\/index.php?rest_route=\/wp\/v2\/posts\/170\/revisions\/171"}],"wp:attachment":[{"href":"http:\/\/zak-tuebingen.org\/index.php?rest_route=%2Fwp%2Fv2%2Fmedia&parent=170"}],"wp:term":[{"taxonomy":"category","embeddable":true,"href":"http:\/\/zak-tuebingen.org\/index.php?rest_route=%2Fwp%2Fv2%2Fcategories&post=170"},{"taxonomy":"post_tag","embeddable":true,"href":"http:\/\/zak-tuebingen.org\/index.php?rest_route=%2Fwp%2Fv2%2Ftags&post=170"}],"curies":[{"name":"wp","href":"https:\/\/api.w.org\/{rel}","templated":true}]}}