{"id":153,"date":"2015-12-18T00:51:11","date_gmt":"2015-12-17T22:51:11","guid":{"rendered":"http:\/\/zak-tuebingen.org\/?p=153"},"modified":"2015-12-18T00:58:57","modified_gmt":"2015-12-17T22:58:57","slug":"here-we-are-refugees-selbstermaechtigung","status":"publish","type":"post","link":"http:\/\/zak-tuebingen.org\/?p=153","title":{"rendered":"Here We Are | Refugees &#038; Selbsterm\u00e4chtigung"},"content":{"rendered":"<p>Wir m\u00f6chten euch auf die &#8222;<strong>iz3w &#8211; Zeitschrift zwischen Nord und S\u00fcd<\/strong>&#8222;, Ausgabe 352 (Januar\/ Februar 2016) hinweisen. Inhalt und Bestellung <a href=\"http:\/\/newsletter.iz3w.org\/link.php?link=01_02_04_20_E\" target=\"_blank\">hier klicken<\/a><\/p>\n<p><strong>Refugees welcome!<\/strong><br \/>\nMit diesen Worten setzte die fl\u00fcchtlingssolidarische Bewegung ein Zeichen gegen das europ\u00e4ische Ausgrenzungssystem. Der politische Impuls der Bewegung geriet jedoch gegen\u00fcber der paternalistischen &#8222;Willkommenskultur&#8220; zunehmend ins Hintertreffen. Gefl\u00fcchtete und MigrantInnen werden heute trotz aller medialer Aufregung nur selten als eigenst\u00e4ndig handelnde politische Subjekte wahrgenommen.<\/p>\n<p>Umso wichtiger ist es, das &#8222;Refugees welcome&#8220; zu re-politisieren. Dazu geh\u00f6ren vor allem Zuh\u00f6ren und Empathie zeigen f\u00fcr die Gefl\u00fcchteten. Denn mit ihnen kommt das Scheitern der globalen Wirtschafts- und Ressourcenpolitik, des Postkolonialismus, der Nahostpolitik und der Migrationsregimes nach Europa zur\u00fcck. In unserem Themenschwerpunkt berichten Refugees, welche Ans\u00e4tze der Selbsterm\u00e4chtigung sie verfolgen und welche Unterst\u00fctzung sie sich w\u00fcnschen.<\/p>\n<p>Der s\u00fcdnordfunk &#8211; die monatliche Radio-Magazinsendung des iz3w &#8211; erg\u00e4nzt den Themenschwerpunkt mit Podcasts rund um das Thema Refugees. Nachzuh\u00f6ren<span class=\"ecxlink-https\"><a class=\"ecxinternal-link\" href=\"http:\/\/newsletter.iz3w.org\/link.php?link=01_02_04_20_2\" target=\"_blank\"><b> hier<\/b><\/a><\/span>.<\/p>\n","protected":false},"excerpt":{"rendered":"<p>Wir m\u00f6chten euch auf die &#8222;iz3w &#8211; Zeitschrift zwischen Nord und S\u00fcd&#8222;, Ausgabe 352 (Januar\/ Februar 2016) hinweisen. Inhalt und Bestellung hier klicken Refugees welcome! Mit diesen Worten setzte die fl\u00fcchtlingssolidarische Bewegung ein Zeichen gegen das europ\u00e4ische Ausgrenzungssystem. Der politische Impuls der Bewegung geriet jedoch gegen\u00fcber der paternalistischen &#8222;Willkommenskultur&#8220; zunehmend ins Hintertreffen. Gefl\u00fcchtete und MigrantInnen [&hellip;]<\/p>\n","protected":false},"author":1,"featured_media":0,"comment_status":"open","ping_status":"open","sticky":false,"template":"","format":"standard","meta":{"footnotes":""},"categories":[4],"tags":[],"class_list":["post-153","post","type-post","status-publish","format-standard","hentry","category-europa-krise-solidaritaet"],"_links":{"self":[{"href":"http:\/\/zak-tuebingen.org\/index.php?rest_route=\/wp\/v2\/posts\/153","targetHints":{"allow":["GET"]}}],"collection":[{"href":"http:\/\/zak-tuebingen.org\/index.php?rest_route=\/wp\/v2\/posts"}],"about":[{"href":"http:\/\/zak-tuebingen.org\/index.php?rest_route=\/wp\/v2\/types\/post"}],"author":[{"embeddable":true,"href":"http:\/\/zak-tuebingen.org\/index.php?rest_route=\/wp\/v2\/users\/1"}],"replies":[{"embeddable":true,"href":"http:\/\/zak-tuebingen.org\/index.php?rest_route=%2Fwp%2Fv2%2Fcomments&post=153"}],"version-history":[{"count":1,"href":"http:\/\/zak-tuebingen.org\/index.php?rest_route=\/wp\/v2\/posts\/153\/revisions"}],"predecessor-version":[{"id":154,"href":"http:\/\/zak-tuebingen.org\/index.php?rest_route=\/wp\/v2\/posts\/153\/revisions\/154"}],"wp:attachment":[{"href":"http:\/\/zak-tuebingen.org\/index.php?rest_route=%2Fwp%2Fv2%2Fmedia&parent=153"}],"wp:term":[{"taxonomy":"category","embeddable":true,"href":"http:\/\/zak-tuebingen.org\/index.php?rest_route=%2Fwp%2Fv2%2Fcategories&post=153"},{"taxonomy":"post_tag","embeddable":true,"href":"http:\/\/zak-tuebingen.org\/index.php?rest_route=%2Fwp%2Fv2%2Ftags&post=153"}],"curies":[{"name":"wp","href":"https:\/\/api.w.org\/{rel}","templated":true}]}}