{"id":128,"date":"2015-11-16T23:33:17","date_gmt":"2015-11-16T21:33:17","guid":{"rendered":"http:\/\/zak-tuebingen.org\/?p=128"},"modified":"2015-11-16T23:56:03","modified_gmt":"2015-11-16T21:56:03","slug":"ob-boris-palmer-verschiebt-buergerbefragung","status":"publish","type":"post","link":"http:\/\/zak-tuebingen.org\/?p=128","title":{"rendered":"OB Boris Palmer verschiebt B\u00fcrgerbefragung"},"content":{"rendered":"<p>Oberb\u00fcrgermeister Boris Palmer hat die B\u00fcrgerbefragung zu &#8222;T\u00dc-Bus Umsonst&#8220; angesichts der Bew\u00e4ltigung der Fl\u00fcchtlingsunterbringung\u00a0 auf voraussichtlich September 2017 verschoben.<\/p>\n<p>Aus der <a href=\"http:\/\/www.tuebingen.de\/gemeinderat\/getfile.php?id=25024&amp;type=do\" target=\"_blank\">Mitteilungsvorlage f\u00fcr den Verwaltungsausschuss<\/a> (pdf):<\/p>\n<p><em>Die Verwaltung hatte in Vorlage 234\/2015 angek\u00fcndigt, dem Gemeinderat bis November verschiedene Modellalternativen zum ticketfreien Nahverkehr und dessen Finanzierung vorzustellen, damit \u00fcber eine B\u00fcrgerbefragung zeitgleich mit der Landtagswahl im M\u00e4rz 2016 entschieden werden kann.<\/em><br \/>\n<em>Mittlerweile hat das Thema Fl\u00fcchtlingsunterbringung so stark an Bedeutung gewonnen, dass die Verwaltung eine Verschiebung der B\u00fcrgerbefragung f\u00fcr angezeigt h\u00e4lt. In der \u00d6ffentlichkeit hat die Fl\u00fcchtlingsfrage eine so gro\u00dfe Dominanz erlangt und wird sie absehbar bis M\u00e4rz 2016 auch behalten, dass kein hinreichend freier Debattenraum f\u00fcr ein ungew\u00f6hnliches und ambitioniertes Projekt wie den ticketfreien Nahverkehr zu schaffen ist. Das Argument, derzeit seien andere Probleme vorrangig, ist nicht zu entkr\u00e4ften.<\/em><br \/>\n<em>In der Tat ist der zweite Grund, der f\u00fcr eine Verschiebung spricht, dass das Projekt ticketfreier Nah-verkehr in erheblichem Umfang Steuerungs- und Managementkapazit\u00e4ten in der Verwaltung ben\u00f6tigt, die f\u00fcr die Bew\u00e4ltigung der Gro\u00dfaufgabe Fl\u00fcchtlingsunterbringung ben\u00f6tigt werden und daher nicht mehr zur Verf\u00fcgung stehen.<\/em><br \/>\n<em>Die Verwaltung schl\u00e4gt daher vor, das Thema mit verringertem Tempo weiter zu bearbeiten und als Termin f\u00fcr die B\u00fcrgerbefragung aus Kostengr\u00fcnden die n\u00e4chste Wahl anzustreben. Dies w\u00e4re voraussichtlich die Bundestagswahl im September 2017.<\/em><\/p>\n<p>Der Bericht dazu im &#8222;Schw\u00e4bischen Tagblatt&#8220;:<br \/>\n<a href=\"http:\/\/www.tagblatt.de\/Home\/nachrichten\/tuebingen_artikel,-OB-Palmer-Fluechtlingsfrage-hat-jetzt-Vorrang-_arid,325025.html\" target=\"_blank\">http:\/\/www.tagblatt.de\/Home\/nachrichten\/tuebingen_artikel,-OB-Palmer-Fluechtlingsfrage-hat-jetzt-Vorrang-_arid,325025.html<\/a><\/p>\n","protected":false},"excerpt":{"rendered":"<p>Oberb\u00fcrgermeister Boris Palmer hat die B\u00fcrgerbefragung zu &#8222;T\u00dc-Bus Umsonst&#8220; angesichts der Bew\u00e4ltigung der Fl\u00fcchtlingsunterbringung\u00a0 auf voraussichtlich September 2017 verschoben. Aus der Mitteilungsvorlage f\u00fcr den Verwaltungsausschuss (pdf): Die Verwaltung hatte in Vorlage 234\/2015 angek\u00fcndigt, dem Gemeinderat bis November verschiedene Modellalternativen zum ticketfreien Nahverkehr und dessen Finanzierung vorzustellen, damit \u00fcber eine B\u00fcrgerbefragung zeitgleich mit der Landtagswahl im [&hellip;]<\/p>\n","protected":false},"author":1,"featured_media":133,"comment_status":"open","ping_status":"open","sticky":false,"template":"","format":"standard","meta":{"footnotes":""},"categories":[3],"tags":[],"class_list":["post-128","post","type-post","status-publish","format-standard","has-post-thumbnail","hentry","category-tue-bus-umsonst"],"_links":{"self":[{"href":"http:\/\/zak-tuebingen.org\/index.php?rest_route=\/wp\/v2\/posts\/128","targetHints":{"allow":["GET"]}}],"collection":[{"href":"http:\/\/zak-tuebingen.org\/index.php?rest_route=\/wp\/v2\/posts"}],"about":[{"href":"http:\/\/zak-tuebingen.org\/index.php?rest_route=\/wp\/v2\/types\/post"}],"author":[{"embeddable":true,"href":"http:\/\/zak-tuebingen.org\/index.php?rest_route=\/wp\/v2\/users\/1"}],"replies":[{"embeddable":true,"href":"http:\/\/zak-tuebingen.org\/index.php?rest_route=%2Fwp%2Fv2%2Fcomments&post=128"}],"version-history":[{"count":2,"href":"http:\/\/zak-tuebingen.org\/index.php?rest_route=\/wp\/v2\/posts\/128\/revisions"}],"predecessor-version":[{"id":134,"href":"http:\/\/zak-tuebingen.org\/index.php?rest_route=\/wp\/v2\/posts\/128\/revisions\/134"}],"wp:featuredmedia":[{"embeddable":true,"href":"http:\/\/zak-tuebingen.org\/index.php?rest_route=\/wp\/v2\/media\/133"}],"wp:attachment":[{"href":"http:\/\/zak-tuebingen.org\/index.php?rest_route=%2Fwp%2Fv2%2Fmedia&parent=128"}],"wp:term":[{"taxonomy":"category","embeddable":true,"href":"http:\/\/zak-tuebingen.org\/index.php?rest_route=%2Fwp%2Fv2%2Fcategories&post=128"},{"taxonomy":"post_tag","embeddable":true,"href":"http:\/\/zak-tuebingen.org\/index.php?rest_route=%2Fwp%2Fv2%2Ftags&post=128"}],"curies":[{"name":"wp","href":"https:\/\/api.w.org\/{rel}","templated":true}]}}